{"id":2436,"date":"2018-07-31T00:17:35","date_gmt":"2018-07-30T22:17:35","guid":{"rendered":"http:\/\/www.marinellatumino.it\/?p=2436"},"modified":"2018-07-31T00:17:35","modified_gmt":"2018-07-30T22:17:35","slug":"giurata-al-concorso-nazionale-di-poesia-chiaramonte-gulfi-x-edizione-20q8","status":"publish","type":"post","link":"http:\/\/www.marinellatumino.it\/?p=2436","title":{"rendered":"GIURATA al Concorso Nazionale di Poesia Chiaramonte Gulfi X Edizione 20q8"},"content":{"rendered":"<p>Che dire? Solo GRAZIE sicuramente non basta! Un&#8217;esperienza nuova, forse un p\u00f2 faticosa e di responsabilit\u00e0 per me, ma mi ha regalato l&#8217;opportunit\u00e0 di conoscere delle Persone meravigliose. Voglio ringraziare l&#8217;anima del Concorso Sergio assieme ad  Alessandro e Giovanni. Grazie a Irene Savasta sempre attenta e professionale, grazie a Sebastiano e Cristina, voci che penetrano l&#8217;anima, ad Ariane per i suoi stupendi scatti e, ancora, a tutti tutti i giurati e sicuramente ai POETI che con i loro versi ci hanno regalato un caleidoscopio di emozioni.<br \/>\nGrazie di cuore alle insostituibili amiche giurate Giusi Zingale e  Maria Concetta Trovato<\/p>\n<a class=\"synved-social-button synved-social-button-share synved-social-size-48 synved-social-resolution-single synved-social-provider-facebook nolightbox\" data-provider=\"facebook\" target=\"_blank\" rel=\"nofollow\" title=\"Share on Facebook\" href=\"https:\/\/www.facebook.com\/sharer.php?u=http%3A%2F%2Fwww.marinellatumino.it%2Findex.php%3Frest_route%3D%252Fwp%252Fv2%252Fposts%252F2436&#038;t=GIURATA%20al%20Concorso%20Nazionale%20di%20Poesia%20Chiaramonte%20Gulfi%20X%20Edizione%2020q8&#038;s=100&#038;p&#091;url&#093;=http%3A%2F%2Fwww.marinellatumino.it%2Findex.php%3Frest_route%3D%252Fwp%252Fv2%252Fposts%252F2436&#038;p&#091;images&#093;&#091;0&#093;=http%3A%2F%2Fwww.marinellatumino.it%2Fwp-content%2Fuploads%2F2018%2F07%2FFB_IMG_1532988763920-1.jpg&#038;p&#091;title&#093;=GIURATA%20al%20Concorso%20Nazionale%20di%20Poesia%20Chiaramonte%20Gulfi%20X%20Edizione%2020q8\" style=\"font-size: 0px;width:48px;height:48px;margin:0;margin-bottom:5px;margin-right:5px\"><img alt=\"Facebook\" title=\"Share on Facebook\" class=\"synved-share-image synved-social-image synved-social-image-share\" width=\"48\" height=\"48\" style=\"display: inline;width:48px;height:48px;margin: 0;padding: 0;border: none\" src=\"http:\/\/www.marinellatumino.it\/wp-content\/plugins\/social-media-feather\/synved-social\/image\/social\/regular\/96x96\/facebook.png\" \/><\/a><a class=\"synved-social-button synved-social-button-share synved-social-size-48 synved-social-resolution-single synved-social-provider-twitter nolightbox\" data-provider=\"twitter\" target=\"_blank\" rel=\"nofollow\" title=\"Share on Twitter\" href=\"https:\/\/twitter.com\/intent\/tweet?url=http%3A%2F%2Fwww.marinellatumino.it%2Findex.php%3Frest_route%3D%252Fwp%252Fv2%252Fposts%252F2436&#038;text=Hey%20check%20this%20out\" style=\"font-size: 0px;width:48px;height:48px;margin:0;margin-bottom:5px;margin-right:5px\"><img alt=\"twitter\" title=\"Share on Twitter\" class=\"synved-share-image synved-social-image synved-social-image-share\" width=\"48\" height=\"48\" style=\"display: inline;width:48px;height:48px;margin: 0;padding: 0;border: none\" src=\"http:\/\/www.marinellatumino.it\/wp-content\/plugins\/social-media-feather\/synved-social\/image\/social\/regular\/96x96\/twitter.png\" \/><\/a><a class=\"synved-social-button synved-social-button-share synved-social-size-48 synved-social-resolution-single synved-social-provider-linkedin nolightbox\" data-provider=\"linkedin\" target=\"_blank\" rel=\"nofollow\" title=\"Share on Linkedin\" href=\"https:\/\/www.linkedin.com\/shareArticle?mini=true&#038;url=http%3A%2F%2Fwww.marinellatumino.it%2Findex.php%3Frest_route%3D%252Fwp%252Fv2%252Fposts%252F2436&#038;title=GIURATA%20al%20Concorso%20Nazionale%20di%20Poesia%20Chiaramonte%20Gulfi%20X%20Edizione%2020q8\" style=\"font-size: 0px;width:48px;height:48px;margin:0;margin-bottom:5px;margin-right:5px\"><img alt=\"linkedin\" title=\"Share on Linkedin\" class=\"synved-share-image synved-social-image synved-social-image-share\" width=\"48\" height=\"48\" style=\"display: inline;width:48px;height:48px;margin: 0;padding: 0;border: none\" src=\"http:\/\/www.marinellatumino.it\/wp-content\/plugins\/social-media-feather\/synved-social\/image\/social\/regular\/96x96\/linkedin.png\" \/><\/a><a class=\"synved-social-button synved-social-button-share synved-social-size-48 synved-social-resolution-single synved-social-provider-mail nolightbox\" data-provider=\"mail\" rel=\"nofollow\" title=\"Share by email\" href=\"mailto:?subject=GIURATA%20al%20Concorso%20Nazionale%20di%20Poesia%20Chiaramonte%20Gulfi%20X%20Edizione%2020q8&#038;body=Hey%20check%20this%20out:%20http%3A%2F%2Fwww.marinellatumino.it%2Findex.php%3Frest_route%3D%252Fwp%252Fv2%252Fposts%252F2436\" style=\"font-size: 0px;width:48px;height:48px;margin:0;margin-bottom:5px\"><img alt=\"mail\" title=\"Share by email\" class=\"synved-share-image synved-social-image synved-social-image-share\" width=\"48\" height=\"48\" style=\"display: inline;width:48px;height:48px;margin: 0;padding: 0;border: none\" src=\"http:\/\/www.marinellatumino.it\/wp-content\/plugins\/social-media-feather\/synved-social\/image\/social\/regular\/96x96\/mail.png\" \/><\/a>","protected":false},"excerpt":{"rendered":"<p>Che dire? Solo GRAZIE sicuramente non basta! Un&#8217;esperienza nuova, forse un p\u00f2 faticosa e di responsabilit\u00e0 per me, ma mi ha regalato l&#8217;opportunit\u00e0 di conoscere delle Persone meravigliose. Voglio ringraziare l&#8217;anima del Concorso Sergio assieme ad Alessandro e Giovanni. Grazie a Irene Savasta sempre attenta e professionale, grazie a Sebastiano e Cristina, voci che penetrano &#8230; <span class=\"more\"><a class=\"more-link\" href=\"http:\/\/www.marinellatumino.it\/?p=2436\">[Read more&#8230;]<\/a><\/span><\/p>\n","protected":false},"author":2,"featured_media":2438,"comment_status":"open","ping_status":"open","sticky":false,"template":"","format":"standard","meta":[],"categories":[1],"tags":[],"_links":{"self":[{"href":"http:\/\/www.marinellatumino.it\/index.php?rest_route=\/wp\/v2\/posts\/2436"}],"collection":[{"href":"http:\/\/www.marinellatumino.it\/index.php?rest_route=\/wp\/v2\/posts"}],"about":[{"href":"http:\/\/www.marinellatumino.it\/index.php?rest_route=\/wp\/v2\/types\/post"}],"author":[{"embeddable":true,"href":"http:\/\/www.marinellatumino.it\/index.php?rest_route=\/wp\/v2\/users\/2"}],"replies":[{"embeddable":true,"href":"http:\/\/www.marinellatumino.it\/index.php?rest_route=%2Fwp%2Fv2%2Fcomments&post=2436"}],"version-history":[{"count":1,"href":"http:\/\/www.marinellatumino.it\/index.php?rest_route=\/wp\/v2\/posts\/2436\/revisions"}],"predecessor-version":[{"id":2439,"href":"http:\/\/www.marinellatumino.it\/index.php?rest_route=\/wp\/v2\/posts\/2436\/revisions\/2439"}],"wp:featuredmedia":[{"embeddable":true,"href":"http:\/\/www.marinellatumino.it\/index.php?rest_route=\/wp\/v2\/media\/2438"}],"wp:attachment":[{"href":"http:\/\/www.marinellatumino.it\/index.php?rest_route=%2Fwp%2Fv2%2Fmedia&parent=2436"}],"wp:term":[{"taxonomy":"category","embeddable":true,"href":"http:\/\/www.marinellatumino.it\/index.php?rest_route=%2Fwp%2Fv2%2Fcategories&post=2436"},{"taxonomy":"post_tag","embeddable":true,"href":"http:\/\/www.marinellatumino.it\/index.php?rest_route=%2Fwp%2Fv2%2Ftags&post=2436"}],"curies":[{"name":"wp","href":"https:\/\/api.w.org\/{rel}","templated":true}]}}