{"id":2443,"date":"2018-07-31T00:21:27","date_gmt":"2018-07-30T22:21:27","guid":{"rendered":"http:\/\/www.marinellatumino.it\/?p=2443"},"modified":"2018-07-31T00:21:27","modified_gmt":"2018-07-30T22:21:27","slug":"nuona-recensione-per-lurlo-del-danubio","status":"publish","type":"post","link":"http:\/\/www.marinellatumino.it\/?p=2443","title":{"rendered":"Nuona Recensione per L&#8217;URLO DEL DANUBIO"},"content":{"rendered":"<p>L&#8217;OPINIONE DEI NOSTRI LETTORI<br \/>\n&#8220;La memoria \u00e8 tesoro e custode di tutte le cose&#8221; Cicerone. Il grande oratore latino sintetizza in queste poche parole un concetto che non dovrebbe mai essere dimenticato. Sempre pi\u00f9 al giorno d&#8217;oggi giovani ragazzi si uniscono a gruppi di persone che rinnegano quel passato di orrori avvenuti durante la seconda guerra mondiale. Non sono mai avvenuti. Cos\u00ec liquidano tutto o peggio rimpiangono quei tempi bui. L&#8217;autrice di &#8220;L&#8217;urlo sul Danubio&#8221; vuole aggiungere la sua voce e ribadisce che i ricordi non possono rimarginarsi come le ferite, perch\u00e9 non si possono dimenticare. Dimenticare sarebbe l&#8217;errore pi\u00f9 atroce. Nei confronti di tutte le vittime innocenti uccise perch\u00e9 considerate diverse, per il loro orientamento sessuale, la loro cultura, l&#8217;et\u00e0, l&#8217;handicap, la religione, ma anche nei confronti delle generazioni future. Hanno il diritto di sapere e il dovere di conoscere la loro storia.<br \/>\n&#8220;\u00c8 avvenuto quindi pu\u00f2 accadare di nuovo&#8221; scriveva Primo Levi.<\/p>\n<p>Marinella Tumino ha scritto un&#8217;opera a mio parere diversa che unisce la storia, le vicende vere di sopravvissuti e non, alle emozioni personali vissute da lei stessa visitando i luoghi che hanno visto la tragedia. Non nascondo di essermi emozionata leggendo la storia di Annetta&#8230; ho pensato a sua madre, l&#8217;angoscia, il terrore che deve aver provato nel lasciarla senza sapere se si sarebbe salvata almeno lei&#8230;<\/p>\n<p>&#8220;Loro non hanno vissuto, noi possiamo e troppo spesso ce ne scordiamo&#8221;<br \/>\nMarinella Tumino<\/p>\n<p>Voto: 8,5<\/p>\n<a class=\"synved-social-button synved-social-button-share synved-social-size-48 synved-social-resolution-single synved-social-provider-facebook nolightbox\" data-provider=\"facebook\" target=\"_blank\" rel=\"nofollow\" title=\"Share on Facebook\" href=\"https:\/\/www.facebook.com\/sharer.php?u=http%3A%2F%2Fwww.marinellatumino.it%2Findex.php%3Frest_route%3D%252Fwp%252Fv2%252Fposts%252F2443&#038;t=Nuona%20Recensione%20per%20L%E2%80%99URLO%20DEL%20DANUBIO&#038;s=100&#038;p&#091;url&#093;=http%3A%2F%2Fwww.marinellatumino.it%2Findex.php%3Frest_route%3D%252Fwp%252Fv2%252Fposts%252F2443&#038;p&#091;images&#093;&#091;0&#093;=http%3A%2F%2Fwww.marinellatumino.it%2Fwp-content%2Fuploads%2F2018%2F07%2FFB_IMG_1532989189408.jpg&#038;p&#091;title&#093;=Nuona%20Recensione%20per%20L%E2%80%99URLO%20DEL%20DANUBIO\" style=\"font-size: 0px;width:48px;height:48px;margin:0;margin-bottom:5px;margin-right:5px\"><img alt=\"Facebook\" title=\"Share on Facebook\" class=\"synved-share-image synved-social-image synved-social-image-share\" width=\"48\" height=\"48\" style=\"display: inline;width:48px;height:48px;margin: 0;padding: 0;border: none\" src=\"http:\/\/www.marinellatumino.it\/wp-content\/plugins\/social-media-feather\/synved-social\/image\/social\/regular\/96x96\/facebook.png\" \/><\/a><a class=\"synved-social-button synved-social-button-share synved-social-size-48 synved-social-resolution-single synved-social-provider-twitter nolightbox\" data-provider=\"twitter\" target=\"_blank\" rel=\"nofollow\" title=\"Share on Twitter\" href=\"https:\/\/twitter.com\/intent\/tweet?url=http%3A%2F%2Fwww.marinellatumino.it%2Findex.php%3Frest_route%3D%252Fwp%252Fv2%252Fposts%252F2443&#038;text=Hey%20check%20this%20out\" style=\"font-size: 0px;width:48px;height:48px;margin:0;margin-bottom:5px;margin-right:5px\"><img alt=\"twitter\" title=\"Share on Twitter\" class=\"synved-share-image synved-social-image synved-social-image-share\" width=\"48\" height=\"48\" style=\"display: inline;width:48px;height:48px;margin: 0;padding: 0;border: none\" src=\"http:\/\/www.marinellatumino.it\/wp-content\/plugins\/social-media-feather\/synved-social\/image\/social\/regular\/96x96\/twitter.png\" \/><\/a><a class=\"synved-social-button synved-social-button-share synved-social-size-48 synved-social-resolution-single synved-social-provider-linkedin nolightbox\" data-provider=\"linkedin\" target=\"_blank\" rel=\"nofollow\" title=\"Share on Linkedin\" href=\"https:\/\/www.linkedin.com\/shareArticle?mini=true&#038;url=http%3A%2F%2Fwww.marinellatumino.it%2Findex.php%3Frest_route%3D%252Fwp%252Fv2%252Fposts%252F2443&#038;title=Nuona%20Recensione%20per%20L%E2%80%99URLO%20DEL%20DANUBIO\" style=\"font-size: 0px;width:48px;height:48px;margin:0;margin-bottom:5px;margin-right:5px\"><img alt=\"linkedin\" title=\"Share on Linkedin\" class=\"synved-share-image synved-social-image synved-social-image-share\" width=\"48\" height=\"48\" style=\"display: inline;width:48px;height:48px;margin: 0;padding: 0;border: none\" src=\"http:\/\/www.marinellatumino.it\/wp-content\/plugins\/social-media-feather\/synved-social\/image\/social\/regular\/96x96\/linkedin.png\" \/><\/a><a class=\"synved-social-button synved-social-button-share synved-social-size-48 synved-social-resolution-single synved-social-provider-mail nolightbox\" data-provider=\"mail\" rel=\"nofollow\" title=\"Share by email\" href=\"mailto:?subject=Nuona%20Recensione%20per%20L%E2%80%99URLO%20DEL%20DANUBIO&#038;body=Hey%20check%20this%20out:%20http%3A%2F%2Fwww.marinellatumino.it%2Findex.php%3Frest_route%3D%252Fwp%252Fv2%252Fposts%252F2443\" style=\"font-size: 0px;width:48px;height:48px;margin:0;margin-bottom:5px\"><img alt=\"mail\" title=\"Share by email\" class=\"synved-share-image synved-social-image synved-social-image-share\" width=\"48\" height=\"48\" style=\"display: inline;width:48px;height:48px;margin: 0;padding: 0;border: none\" src=\"http:\/\/www.marinellatumino.it\/wp-content\/plugins\/social-media-feather\/synved-social\/image\/social\/regular\/96x96\/mail.png\" \/><\/a>","protected":false},"excerpt":{"rendered":"<p>L&#8217;OPINIONE DEI NOSTRI LETTORI &#8220;La memoria \u00e8 tesoro e custode di tutte le cose&#8221; Cicerone. Il grande oratore latino sintetizza in queste poche parole un concetto che non dovrebbe mai essere dimenticato. Sempre pi\u00f9 al giorno d&#8217;oggi giovani ragazzi si uniscono a gruppi di persone che rinnegano quel passato di orrori avvenuti durante la seconda &#8230; <span class=\"more\"><a class=\"more-link\" href=\"http:\/\/www.marinellatumino.it\/?p=2443\">[Read more&#8230;]<\/a><\/span><\/p>\n","protected":false},"author":2,"featured_media":2444,"comment_status":"open","ping_status":"open","sticky":false,"template":"","format":"standard","meta":[],"categories":[1],"tags":[],"_links":{"self":[{"href":"http:\/\/www.marinellatumino.it\/index.php?rest_route=\/wp\/v2\/posts\/2443"}],"collection":[{"href":"http:\/\/www.marinellatumino.it\/index.php?rest_route=\/wp\/v2\/posts"}],"about":[{"href":"http:\/\/www.marinellatumino.it\/index.php?rest_route=\/wp\/v2\/types\/post"}],"author":[{"embeddable":true,"href":"http:\/\/www.marinellatumino.it\/index.php?rest_route=\/wp\/v2\/users\/2"}],"replies":[{"embeddable":true,"href":"http:\/\/www.marinellatumino.it\/index.php?rest_route=%2Fwp%2Fv2%2Fcomments&post=2443"}],"version-history":[{"count":1,"href":"http:\/\/www.marinellatumino.it\/index.php?rest_route=\/wp\/v2\/posts\/2443\/revisions"}],"predecessor-version":[{"id":2445,"href":"http:\/\/www.marinellatumino.it\/index.php?rest_route=\/wp\/v2\/posts\/2443\/revisions\/2445"}],"wp:featuredmedia":[{"embeddable":true,"href":"http:\/\/www.marinellatumino.it\/index.php?rest_route=\/wp\/v2\/media\/2444"}],"wp:attachment":[{"href":"http:\/\/www.marinellatumino.it\/index.php?rest_route=%2Fwp%2Fv2%2Fmedia&parent=2443"}],"wp:term":[{"taxonomy":"category","embeddable":true,"href":"http:\/\/www.marinellatumino.it\/index.php?rest_route=%2Fwp%2Fv2%2Fcategories&post=2443"},{"taxonomy":"post_tag","embeddable":true,"href":"http:\/\/www.marinellatumino.it\/index.php?rest_route=%2Fwp%2Fv2%2Ftags&post=2443"}],"curies":[{"name":"wp","href":"https:\/\/api.w.org\/{rel}","templated":true}]}}