{"id":2453,"date":"2018-08-26T19:27:24","date_gmt":"2018-08-26T17:27:24","guid":{"rendered":"http:\/\/www.marinellatumino.it\/?p=2453"},"modified":"2018-08-26T19:27:24","modified_gmt":"2018-08-26T17:27:24","slug":"nuova-possibilita-di-acquisto","status":"publish","type":"post","link":"http:\/\/www.marinellatumino.it\/?p=2453","title":{"rendered":"NUOVA POSSIBILITA\u2019 DI ACQUISTO"},"content":{"rendered":"<p>Il libro di Marinella Tumino, giunto alla seconda edizione \u00e8 acquistabile anche presso il Museo della Memoria Ferramonti di Tarsia, provincia di Cosenza, il pi\u00f9 grande campo di concentramento per ebrei stranieri d&#8217;Italia. Il Museo \u00e8 nato con l\u2019intento di conservare e diffondere la memoria storica legata a questo luogo. Pochi sanno che la Calabria, durante la seconda guerra mondiale \u00e8 stata scena dell&#8217;orrore fascista del razzismo e dei campi di concentramento. Da oggi, tra le testimonianze museali di quel periodo anche L\u2019Urlo del Danubio.<\/p>\n<a class=\"synved-social-button synved-social-button-share synved-social-size-48 synved-social-resolution-single synved-social-provider-facebook nolightbox\" data-provider=\"facebook\" target=\"_blank\" rel=\"nofollow\" title=\"Share on Facebook\" href=\"https:\/\/www.facebook.com\/sharer.php?u=http%3A%2F%2Fwww.marinellatumino.it%2Findex.php%3Frest_route%3D%252Fwp%252Fv2%252Fposts%252F2453&#038;t=NUOVA%20POSSIBILITA%E2%80%99%20DI%20ACQUISTO&#038;s=100&#038;p&#091;url&#093;=http%3A%2F%2Fwww.marinellatumino.it%2Findex.php%3Frest_route%3D%252Fwp%252Fv2%252Fposts%252F2453&#038;p&#091;images&#093;&#091;0&#093;=http%3A%2F%2Fwww.marinellatumino.it%2Fwp-content%2Fuploads%2F2018%2F08%2FFB_IMG_1535304367498.jpg&#038;p&#091;title&#093;=NUOVA%20POSSIBILITA%E2%80%99%20DI%20ACQUISTO\" style=\"font-size: 0px;width:48px;height:48px;margin:0;margin-bottom:5px;margin-right:5px\"><img alt=\"Facebook\" title=\"Share on Facebook\" class=\"synved-share-image synved-social-image synved-social-image-share\" width=\"48\" height=\"48\" style=\"display: inline;width:48px;height:48px;margin: 0;padding: 0;border: none\" src=\"http:\/\/www.marinellatumino.it\/wp-content\/plugins\/social-media-feather\/synved-social\/image\/social\/regular\/96x96\/facebook.png\" \/><\/a><a class=\"synved-social-button synved-social-button-share synved-social-size-48 synved-social-resolution-single synved-social-provider-twitter nolightbox\" data-provider=\"twitter\" target=\"_blank\" rel=\"nofollow\" title=\"Share on Twitter\" href=\"https:\/\/twitter.com\/intent\/tweet?url=http%3A%2F%2Fwww.marinellatumino.it%2Findex.php%3Frest_route%3D%252Fwp%252Fv2%252Fposts%252F2453&#038;text=Hey%20check%20this%20out\" style=\"font-size: 0px;width:48px;height:48px;margin:0;margin-bottom:5px;margin-right:5px\"><img alt=\"twitter\" title=\"Share on Twitter\" class=\"synved-share-image synved-social-image synved-social-image-share\" width=\"48\" height=\"48\" style=\"display: inline;width:48px;height:48px;margin: 0;padding: 0;border: none\" src=\"http:\/\/www.marinellatumino.it\/wp-content\/plugins\/social-media-feather\/synved-social\/image\/social\/regular\/96x96\/twitter.png\" \/><\/a><a class=\"synved-social-button synved-social-button-share synved-social-size-48 synved-social-resolution-single synved-social-provider-linkedin nolightbox\" data-provider=\"linkedin\" target=\"_blank\" rel=\"nofollow\" title=\"Share on Linkedin\" href=\"https:\/\/www.linkedin.com\/shareArticle?mini=true&#038;url=http%3A%2F%2Fwww.marinellatumino.it%2Findex.php%3Frest_route%3D%252Fwp%252Fv2%252Fposts%252F2453&#038;title=NUOVA%20POSSIBILITA%E2%80%99%20DI%20ACQUISTO\" style=\"font-size: 0px;width:48px;height:48px;margin:0;margin-bottom:5px;margin-right:5px\"><img alt=\"linkedin\" title=\"Share on Linkedin\" class=\"synved-share-image synved-social-image synved-social-image-share\" width=\"48\" height=\"48\" style=\"display: inline;width:48px;height:48px;margin: 0;padding: 0;border: none\" src=\"http:\/\/www.marinellatumino.it\/wp-content\/plugins\/social-media-feather\/synved-social\/image\/social\/regular\/96x96\/linkedin.png\" \/><\/a><a class=\"synved-social-button synved-social-button-share synved-social-size-48 synved-social-resolution-single synved-social-provider-mail nolightbox\" data-provider=\"mail\" rel=\"nofollow\" title=\"Share by email\" href=\"mailto:?subject=NUOVA%20POSSIBILITA%E2%80%99%20DI%20ACQUISTO&#038;body=Hey%20check%20this%20out:%20http%3A%2F%2Fwww.marinellatumino.it%2Findex.php%3Frest_route%3D%252Fwp%252Fv2%252Fposts%252F2453\" style=\"font-size: 0px;width:48px;height:48px;margin:0;margin-bottom:5px\"><img alt=\"mail\" title=\"Share by email\" class=\"synved-share-image synved-social-image synved-social-image-share\" width=\"48\" height=\"48\" style=\"display: inline;width:48px;height:48px;margin: 0;padding: 0;border: none\" src=\"http:\/\/www.marinellatumino.it\/wp-content\/plugins\/social-media-feather\/synved-social\/image\/social\/regular\/96x96\/mail.png\" \/><\/a>","protected":false},"excerpt":{"rendered":"<p>Il libro di Marinella Tumino, giunto alla seconda edizione \u00e8 acquistabile anche presso il Museo della Memoria Ferramonti di Tarsia, provincia di Cosenza, il pi\u00f9 grande campo di concentramento per ebrei stranieri d&#8217;Italia. Il Museo \u00e8 nato con l\u2019intento di conservare e diffondere la memoria storica legata a questo luogo. Pochi sanno che la Calabria, &#8230; <span class=\"more\"><a class=\"more-link\" href=\"http:\/\/www.marinellatumino.it\/?p=2453\">[Read more&#8230;]<\/a><\/span><\/p>\n","protected":false},"author":2,"featured_media":2454,"comment_status":"open","ping_status":"open","sticky":false,"template":"","format":"standard","meta":[],"categories":[1],"tags":[],"_links":{"self":[{"href":"http:\/\/www.marinellatumino.it\/index.php?rest_route=\/wp\/v2\/posts\/2453"}],"collection":[{"href":"http:\/\/www.marinellatumino.it\/index.php?rest_route=\/wp\/v2\/posts"}],"about":[{"href":"http:\/\/www.marinellatumino.it\/index.php?rest_route=\/wp\/v2\/types\/post"}],"author":[{"embeddable":true,"href":"http:\/\/www.marinellatumino.it\/index.php?rest_route=\/wp\/v2\/users\/2"}],"replies":[{"embeddable":true,"href":"http:\/\/www.marinellatumino.it\/index.php?rest_route=%2Fwp%2Fv2%2Fcomments&post=2453"}],"version-history":[{"count":1,"href":"http:\/\/www.marinellatumino.it\/index.php?rest_route=\/wp\/v2\/posts\/2453\/revisions"}],"predecessor-version":[{"id":2455,"href":"http:\/\/www.marinellatumino.it\/index.php?rest_route=\/wp\/v2\/posts\/2453\/revisions\/2455"}],"wp:featuredmedia":[{"embeddable":true,"href":"http:\/\/www.marinellatumino.it\/index.php?rest_route=\/wp\/v2\/media\/2454"}],"wp:attachment":[{"href":"http:\/\/www.marinellatumino.it\/index.php?rest_route=%2Fwp%2Fv2%2Fmedia&parent=2453"}],"wp:term":[{"taxonomy":"category","embeddable":true,"href":"http:\/\/www.marinellatumino.it\/index.php?rest_route=%2Fwp%2Fv2%2Fcategories&post=2453"},{"taxonomy":"post_tag","embeddable":true,"href":"http:\/\/www.marinellatumino.it\/index.php?rest_route=%2Fwp%2Fv2%2Ftags&post=2453"}],"curies":[{"name":"wp","href":"https:\/\/api.w.org\/{rel}","templated":true}]}}