{"id":2801,"date":"2020-02-08T23:19:12","date_gmt":"2020-02-08T22:19:12","guid":{"rendered":"http:\/\/www.marinellatumino.it\/?p=2801"},"modified":"2020-02-08T23:20:39","modified_gmt":"2020-02-08T22:20:39","slug":"a-san-valentino-regala-emozioni%f0%9f%92%96","status":"publish","type":"post","link":"http:\/\/www.marinellatumino.it\/?p=2801","title":{"rendered":"A SAN VALENTINO&#8230; regala emozioni  \u2661\u2661\u2661"},"content":{"rendered":"\n<p>&#8220;Nel linguaggio segreto dell\u2019amore, l\u2019abbraccio \u00e8 casa.<br> \u00c8 proprio l\u00ec che gioisci o piangi <br> Fremi o tremi<br> \u00c8 li che io e te diventiamo in assoluto NOI<br> Gli abbracci\u2026quelli dati nel bel mezzo di una conversazione o quelli dati in silenzio\u2026 valgono pi\u00f9 di centomila parole.<br> \u00c8 nella magia dell\u2019abbraccio, quello speciale e vero, che amiamo trattenerci<br> Amiamo chiuderci dentro esso per poi buttare  la chiave&#8221;.<\/p>\n\n\n\n<p><\/p>\n\n\n\n<p>Da &#8220;Oltre il cielo di Istanbul&#8221; di Marinella Tumino, Il Seme Bianco Editore 2019<\/p>\n\n\n\n<figure class=\"wp-block-image\"><img loading=\"lazy\" width=\"958\" height=\"960\" src=\"http:\/\/www.marinellatumino.it\/wp-content\/uploads\/2019\/06\/Oltre-foto-1-1.jpg\" alt=\"\" class=\"wp-image-2611\" srcset=\"http:\/\/www.marinellatumino.it\/wp-content\/uploads\/2019\/06\/Oltre-foto-1-1.jpg 958w, http:\/\/www.marinellatumino.it\/wp-content\/uploads\/2019\/06\/Oltre-foto-1-1-150x150.jpg 150w, http:\/\/www.marinellatumino.it\/wp-content\/uploads\/2019\/06\/Oltre-foto-1-1-300x300.jpg 300w, http:\/\/www.marinellatumino.it\/wp-content\/uploads\/2019\/06\/Oltre-foto-1-1-768x770.jpg 768w\" sizes=\"(max-width: 958px) 100vw, 958px\" \/><\/figure>\n<a class=\"synved-social-button synved-social-button-share synved-social-size-48 synved-social-resolution-single synved-social-provider-facebook nolightbox\" data-provider=\"facebook\" target=\"_blank\" rel=\"nofollow\" title=\"Share on Facebook\" href=\"https:\/\/www.facebook.com\/sharer.php?u=http%3A%2F%2Fwww.marinellatumino.it%2Findex.php%3Frest_route%3D%252Fwp%252Fv2%252Fposts%252F2801&#038;t=A%20SAN%20VALENTINO%E2%80%A6%20regala%20emozioni%20%20%E2%99%A1%E2%99%A1%E2%99%A1&#038;s=100&#038;p&#091;url&#093;=http%3A%2F%2Fwww.marinellatumino.it%2Findex.php%3Frest_route%3D%252Fwp%252Fv2%252Fposts%252F2801&#038;p&#091;images&#093;&#091;0&#093;=http%3A%2F%2Fwww.marinellatumino.it%2Fwp-content%2Fuploads%2F2019%2F06%2FOltre-foto-1-1.jpg&#038;p&#091;title&#093;=A%20SAN%20VALENTINO%E2%80%A6%20regala%20emozioni%20%20%E2%99%A1%E2%99%A1%E2%99%A1\" style=\"font-size: 0px;width:48px;height:48px;margin:0;margin-bottom:5px;margin-right:5px\"><img alt=\"Facebook\" title=\"Share on Facebook\" class=\"synved-share-image synved-social-image synved-social-image-share\" width=\"48\" height=\"48\" style=\"display: inline;width:48px;height:48px;margin: 0;padding: 0;border: none\" src=\"http:\/\/www.marinellatumino.it\/wp-content\/plugins\/social-media-feather\/synved-social\/image\/social\/regular\/96x96\/facebook.png\" \/><\/a><a class=\"synved-social-button synved-social-button-share synved-social-size-48 synved-social-resolution-single synved-social-provider-twitter nolightbox\" data-provider=\"twitter\" target=\"_blank\" rel=\"nofollow\" title=\"Share on Twitter\" href=\"https:\/\/twitter.com\/intent\/tweet?url=http%3A%2F%2Fwww.marinellatumino.it%2Findex.php%3Frest_route%3D%252Fwp%252Fv2%252Fposts%252F2801&#038;text=Hey%20check%20this%20out\" style=\"font-size: 0px;width:48px;height:48px;margin:0;margin-bottom:5px;margin-right:5px\"><img alt=\"twitter\" title=\"Share on Twitter\" class=\"synved-share-image synved-social-image synved-social-image-share\" width=\"48\" height=\"48\" style=\"display: inline;width:48px;height:48px;margin: 0;padding: 0;border: none\" src=\"http:\/\/www.marinellatumino.it\/wp-content\/plugins\/social-media-feather\/synved-social\/image\/social\/regular\/96x96\/twitter.png\" \/><\/a><a class=\"synved-social-button synved-social-button-share synved-social-size-48 synved-social-resolution-single synved-social-provider-linkedin nolightbox\" data-provider=\"linkedin\" target=\"_blank\" rel=\"nofollow\" title=\"Share on Linkedin\" href=\"https:\/\/www.linkedin.com\/shareArticle?mini=true&#038;url=http%3A%2F%2Fwww.marinellatumino.it%2Findex.php%3Frest_route%3D%252Fwp%252Fv2%252Fposts%252F2801&#038;title=A%20SAN%20VALENTINO%E2%80%A6%20regala%20emozioni%20%20%E2%99%A1%E2%99%A1%E2%99%A1\" style=\"font-size: 0px;width:48px;height:48px;margin:0;margin-bottom:5px;margin-right:5px\"><img alt=\"linkedin\" title=\"Share on Linkedin\" class=\"synved-share-image synved-social-image synved-social-image-share\" width=\"48\" height=\"48\" style=\"display: inline;width:48px;height:48px;margin: 0;padding: 0;border: none\" src=\"http:\/\/www.marinellatumino.it\/wp-content\/plugins\/social-media-feather\/synved-social\/image\/social\/regular\/96x96\/linkedin.png\" \/><\/a><a class=\"synved-social-button synved-social-button-share synved-social-size-48 synved-social-resolution-single synved-social-provider-mail nolightbox\" data-provider=\"mail\" rel=\"nofollow\" title=\"Share by email\" href=\"mailto:?subject=A%20SAN%20VALENTINO%E2%80%A6%20regala%20emozioni%20%20%E2%99%A1%E2%99%A1%E2%99%A1&#038;body=Hey%20check%20this%20out:%20http%3A%2F%2Fwww.marinellatumino.it%2Findex.php%3Frest_route%3D%252Fwp%252Fv2%252Fposts%252F2801\" style=\"font-size: 0px;width:48px;height:48px;margin:0;margin-bottom:5px\"><img alt=\"mail\" title=\"Share by email\" class=\"synved-share-image synved-social-image synved-social-image-share\" width=\"48\" height=\"48\" style=\"display: inline;width:48px;height:48px;margin: 0;padding: 0;border: none\" src=\"http:\/\/www.marinellatumino.it\/wp-content\/plugins\/social-media-feather\/synved-social\/image\/social\/regular\/96x96\/mail.png\" \/><\/a>","protected":false},"excerpt":{"rendered":"<p>&#8220;Nel linguaggio segreto dell\u2019amore, l\u2019abbraccio \u00e8 casa. \u00c8 proprio l\u00ec che gioisci o piangi Fremi o tremi \u00c8 li che io e te diventiamo in assoluto NOI Gli abbracci\u2026quelli dati nel bel mezzo di una conversazione o quelli dati in silenzio\u2026 valgono pi\u00f9 di centomila parole. \u00c8 nella magia dell\u2019abbraccio, quello speciale e vero, che &#8230; <span class=\"more\"><a class=\"more-link\" href=\"http:\/\/www.marinellatumino.it\/?p=2801\">[Read more&#8230;]<\/a><\/span><\/p>\n","protected":false},"author":2,"featured_media":0,"comment_status":"open","ping_status":"open","sticky":false,"template":"","format":"standard","meta":[],"categories":[1],"tags":[],"_links":{"self":[{"href":"http:\/\/www.marinellatumino.it\/index.php?rest_route=\/wp\/v2\/posts\/2801"}],"collection":[{"href":"http:\/\/www.marinellatumino.it\/index.php?rest_route=\/wp\/v2\/posts"}],"about":[{"href":"http:\/\/www.marinellatumino.it\/index.php?rest_route=\/wp\/v2\/types\/post"}],"author":[{"embeddable":true,"href":"http:\/\/www.marinellatumino.it\/index.php?rest_route=\/wp\/v2\/users\/2"}],"replies":[{"embeddable":true,"href":"http:\/\/www.marinellatumino.it\/index.php?rest_route=%2Fwp%2Fv2%2Fcomments&post=2801"}],"version-history":[{"count":2,"href":"http:\/\/www.marinellatumino.it\/index.php?rest_route=\/wp\/v2\/posts\/2801\/revisions"}],"predecessor-version":[{"id":2803,"href":"http:\/\/www.marinellatumino.it\/index.php?rest_route=\/wp\/v2\/posts\/2801\/revisions\/2803"}],"wp:attachment":[{"href":"http:\/\/www.marinellatumino.it\/index.php?rest_route=%2Fwp%2Fv2%2Fmedia&parent=2801"}],"wp:term":[{"taxonomy":"category","embeddable":true,"href":"http:\/\/www.marinellatumino.it\/index.php?rest_route=%2Fwp%2Fv2%2Fcategories&post=2801"},{"taxonomy":"post_tag","embeddable":true,"href":"http:\/\/www.marinellatumino.it\/index.php?rest_route=%2Fwp%2Fv2%2Ftags&post=2801"}],"curies":[{"name":"wp","href":"https:\/\/api.w.org\/{rel}","templated":true}]}}